{"id":15298,"date":"2024-11-02T11:00:00","date_gmt":"2024-11-02T10:00:00","guid":{"rendered":"https:\/\/www.buntpapierwelt.de\/blog\/?p=15298"},"modified":"2024-11-16T06:58:47","modified_gmt":"2024-11-16T05:58:47","slug":"wichtel-fuer-den-herbst-und-winter","status":"publish","type":"post","link":"https:\/\/www.buntpapierwelt.de\/blog\/wichtel-fuer-den-herbst-und-winter.html","title":{"rendered":"Wichtel f\u00fcr den Herbst und Winter"},"content":{"rendered":"\n<p>In diesem Beitrag basteln wir einen Wichtel, welcher sich den f\u00fcr den Herbst, aber auch f\u00fcr die Weihnachts- und Winterzeit eignet. Durch das Verzieren von Bl\u00e4ttern, Sternen oder Eiskristallen wird er immer wieder neu seinen Einsatz in der Deko finden. <\/p>\n\n\n\n<h2>Lustige Wichtel f\u00fcrs Kinderzimmer<\/h2>\n\n\n\n<p>Bei diesem Wichteln k\u00f6nnen schon die kleinen Kinder flei\u00dfig mitbasteln. Die Formen sind leicht auszuscheiden und auch das Zusammenkleben der Einzelteile gestaltet sich recht einfach. Die Verzierungen auf den M\u00fctzen werden ganz bequem mit einem Motivlocher aus Tonzeichenpapier ausgestanzt.<\/p>\n\n\n\n<figure class=\"wp-block-image size-full\"><img loading=\"lazy\" width=\"900\" height=\"402\" src=\"https:\/\/www.buntpapierwelt.de\/blog\/wp-content\/uploads\/wichtel-fuer-die-herbst-winter-und-weihnachtszeit-900x700-1.jpg\" alt=\"Wichtel in verschiedenen Designs aus Bastelpapier\" class=\"wp-image-15299\" srcset=\"https:\/\/www.buntpapierwelt.de\/blog\/wp-content\/uploads\/wichtel-fuer-die-herbst-winter-und-weihnachtszeit-900x700-1.jpg 900w, https:\/\/www.buntpapierwelt.de\/blog\/wp-content\/uploads\/wichtel-fuer-die-herbst-winter-und-weihnachtszeit-900x700-1-480x214.jpg 480w\" sizes=\"(min-width: 0px) and (max-width: 480px) 480px, (min-width: 481px) 900px, 100vw\" \/><\/figure>\n\n\n\n<h3>Und so werden die Weihnachtswichtel gebastelt<\/h3>\n\n\n\n<p>F\u00fcr all unsere Fensterbilder, Mobiles und andere Bastelprojekte, wie diese Wichtel, stellen wir Dir bei uns im Kreativ-Blog eine kostenlose Anleitung mit einem Vorlagebogen zum Ausdrucken bereit.&nbsp;Klicke dazu einfach weiter unten auf den schwarzen Button, und es \u00f6ffnet sich ein PDF. Dieses kannst Du auf Deiner Festplatte speichern oder gleich ausdrucken.<\/p>\n\n\n\n<div class=\"wp-block-columns\">\n<div class=\"wp-block-column\">\n<figure class=\"wp-block-image size-full\"><img loading=\"lazy\" width=\"600\" height=\"797\" src=\"https:\/\/www.buntpapierwelt.de\/blog\/wp-content\/uploads\/wichtel-fuer-die-herbst-winter-und-weihnachtszeit-schritt-1.jpg\" alt=\"Einzelteile vom Wichtel\" class=\"wp-image-15301\" srcset=\"https:\/\/www.buntpapierwelt.de\/blog\/wp-content\/uploads\/wichtel-fuer-die-herbst-winter-und-weihnachtszeit-schritt-1.jpg 600w, https:\/\/www.buntpapierwelt.de\/blog\/wp-content\/uploads\/wichtel-fuer-die-herbst-winter-und-weihnachtszeit-schritt-1-480x638.jpg 480w\" sizes=\"(min-width: 0px) and (max-width: 480px) 480px, (min-width: 481px) 600px, 100vw\" \/><\/figure>\n<\/div>\n\n\n\n<div class=\"wp-block-column\">\n<p><mark style=\"background-color:rgba(0, 0, 0, 0)\" class=\"has-inline-color has-black-color\">Schritt 1:<\/mark><br>Lege den Ausdruck vom Vorlagebogen unter einen Bogen Transparentpapier und zeichne die Konturen des Wichtels mit einem weichen Bleistift nach. Drehe das Transparentpapier danach um und platziere es auf dem jeweiligen Fotokarton. Zeichne nun die Konturen nochmals, bestenfalls mit einem harten Bleistift, nach. Die Bleistiftlinie \u00fcbertr\u00e4gt sich dabei auf den Fotokarton und dient Dir als Schneidelinie.<\/p>\n\n\n\n<h3>Mein TIPP f\u00fcr Dich:<\/h3>\n\n\n\n<p>Damit die Wichtel auch von der R\u00fcckseite h\u00fcbsch aussehen, ben\u00f6tigst Du einige Teile 2 x und&nbsp;gegengleich.&nbsp; Die Anzahl der Motivteile findest Du auf dem Vorlagebogen.<\/p>\n<\/div>\n<\/div>\n\n\n\n<p>Nimm daf\u00fcr das Papier doppelt und schneide durch beide Lagen hindurch. Damit es Dir aber beim Ausschneiden nicht verrutscht, hefte es vorher mit Tackerklammern zusammen.&nbsp;<\/p>\n\n\n\n<div class=\"wp-block-columns\">\n<div class=\"wp-block-column\">\n<figure class=\"wp-block-image size-full\"><img loading=\"lazy\" width=\"600\" height=\"818\" src=\"https:\/\/www.buntpapierwelt.de\/blog\/wp-content\/uploads\/wichtel-fuer-die-herbst-winter-und-weihnachtszeit-schritt-02.jpg\" alt=\"Kopf vom Wichtel\" class=\"wp-image-15302\" srcset=\"https:\/\/www.buntpapierwelt.de\/blog\/wp-content\/uploads\/wichtel-fuer-die-herbst-winter-und-weihnachtszeit-schritt-02.jpg 600w, https:\/\/www.buntpapierwelt.de\/blog\/wp-content\/uploads\/wichtel-fuer-die-herbst-winter-und-weihnachtszeit-schritt-02-480x654.jpg 480w\" sizes=\"(min-width: 0px) and (max-width: 480px) 480px, (min-width: 481px) 600px, 100vw\" \/><\/figure>\n<\/div>\n\n\n\n<div class=\"wp-block-column\">\n<p><mark style=\"background-color:rgba(0, 0, 0, 0)\" class=\"has-inline-color has-black-color\">Schritt 2:<\/mark><br>Hebe zun\u00e4chst die Wangen optisch hervor.  Trage dazu etwas rosafarbene Malkreide auf und verwische sie kreisf\u00f6rmig mit einem weichen Papiertuch. Wiederhole den Vorgang so oft, bis Dir die Intensit\u00e4t gef\u00e4llt. Solltest Du mit Buntstiften arbeiten, dann verwende bestenfalls den Abrieb davon und verwische auch diesen mit einem weichen Papiertuch.<\/p>\n\n\n\n<p>Wenn Du magst, dann hebe auch noch den Rand der Nase mit Malkreide hervor. <\/p>\n\n\n\n<p><mark style=\"background-color:rgba(0, 0, 0, 0)\" class=\"has-inline-color has-black-color\">Schritt 3:<\/mark><br>Befestige die Nase von hinten an der M\u00fctze und klebe die M\u00fctze von vorn auf den Bart. Verziere anschlie\u00dfend die Spitze der M\u00fctze mit einem Stern.<\/p>\n<\/div>\n<\/div>\n\n\n\n<h3>Jetzt werden die \u00fcbrigen Teile vom Wichtel zusammengeklebt<\/h3>\n\n\n\n<div class=\"wp-block-columns\">\n<div class=\"wp-block-column\">\n<figure class=\"wp-block-image size-full\"><img loading=\"lazy\" width=\"600\" height=\"797\" src=\"https:\/\/www.buntpapierwelt.de\/blog\/wp-content\/uploads\/wichtel-fuer-die-herbst-winter-und-weihnachtszeit-schritt-4.jpg\" alt=\"Ein Wichtel zur Weihnachtszeit\" class=\"wp-image-15304\" srcset=\"https:\/\/www.buntpapierwelt.de\/blog\/wp-content\/uploads\/wichtel-fuer-die-herbst-winter-und-weihnachtszeit-schritt-4.jpg 600w, https:\/\/www.buntpapierwelt.de\/blog\/wp-content\/uploads\/wichtel-fuer-die-herbst-winter-und-weihnachtszeit-schritt-4-480x638.jpg 480w\" sizes=\"(min-width: 0px) and (max-width: 480px) 480px, (min-width: 481px) 600px, 100vw\" \/><\/figure>\n<\/div>\n\n\n\n<div class=\"wp-block-column\">\n<p><mark style=\"background-color:rgba(0, 0, 0, 0)\" class=\"has-inline-color has-black-color\">Schritt 4:<\/mark><br>Klebe den Bart auf den K\u00f6rper und bringe die Schuhe an. Male den Mund mit dem Acrylmarker auf und klebe den gro\u00dfen Stern fest. Die H\u00e4nde werden so  angebracht, als w\u00fcrden sie den Stern halten. <\/p>\n\n\n\n<p><mark style=\"background-color:rgba(0, 0, 0, 0)\" class=\"has-inline-color has-black-color\">Schritt 5:<\/mark><br>Abschlie\u00dfend werden die kleinen Sterne f\u00fcr die Verzierung der M\u00fctze ausgestanzt und mit einem Tropfen Klebstoff fixiert. <\/p>\n\n\n\n<p>Wer mag, dreht den Wichtel um und gestaltet die R\u00fcckseite deckungsgleich.<br><\/p>\n<\/div>\n<\/div>\n\n\n\n<div class=\"wp-block-columns\">\n<div class=\"wp-block-column\">\n<figure class=\"wp-block-image size-full\"><img loading=\"lazy\" width=\"800\" height=\"986\" src=\"https:\/\/www.buntpapierwelt.de\/blog\/wp-content\/uploads\/wichtel-fuer-den-herbst-2.jpg\" alt=\"Wichtel mit Herbstblatt\" class=\"wp-image-15305\" srcset=\"https:\/\/www.buntpapierwelt.de\/blog\/wp-content\/uploads\/wichtel-fuer-den-herbst-2.jpg 800w, https:\/\/www.buntpapierwelt.de\/blog\/wp-content\/uploads\/wichtel-fuer-den-herbst-2-480x592.jpg 480w\" sizes=\"(min-width: 0px) and (max-width: 480px) 480px, (min-width: 481px) 800px, 100vw\" \/><\/figure>\n<\/div>\n\n\n\n<div class=\"wp-block-column\">\n<p>Dieser Wichtel wird genauso gebastelt wie der Weihnachtswichtel.  Allerdings habe ich die Nase dieses Mal vor die M\u00fctze geklebt. <\/p>\n\n\n\n<p>Klebe anstelle des Sterns das Eichenblatt auf und stanze f\u00fcr die M\u00fctze zwei Ahornbl\u00e4tter aus dem Tonzeichenpapier aus. <\/p>\n<\/div>\n<\/div>\n\n\n\n<div class=\"wp-block-columns\">\n<div class=\"wp-block-column\">\n<figure class=\"wp-block-image size-full\"><img loading=\"lazy\" width=\"800\" height=\"962\" src=\"https:\/\/www.buntpapierwelt.de\/blog\/wp-content\/uploads\/wichtel-fuer-den-winter-1.jpg\" alt=\"Wichtel mit Schild\" class=\"wp-image-15307\" srcset=\"https:\/\/www.buntpapierwelt.de\/blog\/wp-content\/uploads\/wichtel-fuer-den-winter-1.jpg 800w, https:\/\/www.buntpapierwelt.de\/blog\/wp-content\/uploads\/wichtel-fuer-den-winter-1-480x577.jpg 480w\" sizes=\"(min-width: 0px) and (max-width: 480px) 480px, (min-width: 481px) 800px, 100vw\" \/><\/figure>\n<\/div>\n\n\n\n<div class=\"wp-block-column\">\n<p>Dieser Wichtel hei\u00dft den Winter willkommen. Drucke die Vorlage f\u00fcr den Text aus oder beschrifte das Schild mit einem eigenen Text von Hand. Klebe den Text auf ein St\u00fcck Fotokarton und befestige es unter den H\u00e4nden des Winterwichtels. <\/p>\n\n\n\n<p>Die M\u00fctze kannst Du mit ausgestanzten Schneeflocken verzieren. <\/p>\n<\/div>\n<\/div>\n\n\n\n<div class=\"wp-block-columns\">\n<div class=\"wp-block-column\">\n<div class=\"wp-container-1 wp-block-buttons\">\n<div class=\"wp-block-button\"><a class=\"wp-block-button__link\" href=\"https:\/\/www.buntpapierwelt.de\/blog\/wp-content\/uploads\/Vorlagebogen-Wichtel-2.pdf\" target=\"_blank\" rel=\"noreferrer noopener\">Vorlagebogen Wichtel<\/a><\/div>\n<\/div>\n<\/div>\n\n\n\n<div class=\"wp-block-column\">\n<div class=\"wp-container-2 wp-block-buttons\">\n<div class=\"wp-block-button\"><a class=\"wp-block-button__link\" href=\"https:\/\/www.buntpapierwelt.de\/blog\/wp-content\/uploads\/Text-Schild-Wichtel.pdf\" target=\"_blank\" rel=\"noreferrer noopener\">Vorlagebogen Texte f\u00fcr Schilder<\/a><\/div>\n<\/div>\n<\/div>\n<\/div>\n\n\n\n<h4>Folgende Materialien werden f\u00fcr diese Bastelidee ben\u00f6tigt:<\/h4>\n\n\n\n<div class=\"wp-block-columns\">\n<div class=\"wp-block-column\" style=\"flex-basis:33.33%\">\n<ul><li><a href=\"https:\/\/www.buntpapierwelt.de\/kombi-pack-1-tonpapier-und-fotokarton.html\" target=\"_blank\" rel=\"noreferrer noopener\">Kombi Pack 1 Tonpapier &amp; Fotokarton<\/a><\/li><li>in den gezeigten Farben<\/li><li><a href=\"https:\/\/www.buntpapierwelt.de\/motiv-locher-klein-ahornblatt.html\" target=\"_blank\" rel=\"noreferrer noopener\">Motivlocher Ahornblatt, klein<\/a><\/li><li><a href=\"https:\/\/www.buntpapierwelt.de\/motiv-locher-mittel-ahornblatt.html\" target=\"_blank\" rel=\"noreferrer noopener\">Motivlocher Ahornblatt, mittel<\/a><\/li><li><a href=\"https:\/\/www.buntpapierwelt.de\/transparentblock-85-g-qm-din-a4-25-blatt.html\" target=\"_blank\" rel=\"noreferrer noopener\">Transparentpapier-Block 85 g\/qm, DIN A4<\/a><\/li><li><a href=\"https:\/\/www.buntpapierwelt.de\/motiv-locher-klein-stern.html\" target=\"_blank\" rel=\"noreferrer noopener\">Motivlocher Stern, klein<\/a><\/li><li><a href=\"https:\/\/www.buntpapierwelt.de\/motiv-locher-mittel-stern.html\" target=\"_blank\" rel=\"noreferrer noopener\">Motivlocher Stern, mittel<\/a><\/li><li>Acrylmarker in Wei\u00df und Schwarz<\/li><li><a href=\"https:\/\/www.buntpapierwelt.de\/motiv-locher-klein-schneeflocke-1.html\" target=\"_blank\" rel=\"noreferrer noopener\">Motivlocher Schneeflocke, klein<\/a><\/li><li><a href=\"https:\/\/www.buntpapierwelt.de\/motiv-locher-mittel-schneeflocke-1.html\" target=\"_blank\" rel=\"noreferrer noopener\">Motivlocher Schneeflocke, mittel<\/a><\/li><li>Malkreiden in Rot <\/li><li>Papierschere<\/li><li>Papierkleber<\/li><\/ul>\n<\/div>\n\n\n\n<div class=\"wp-block-column\" style=\"flex-basis:66.66%\">\n<figure class=\"wp-block-image size-full\"><img loading=\"lazy\" width=\"600\" height=\"797\" src=\"https:\/\/www.buntpapierwelt.de\/blog\/wp-content\/uploads\/wichtel-fuer-die-herbst-winter-und-weihnachtszeit-600x800-1.jpg\" alt=\"2 Wichtel aus Bastelpapier\" class=\"wp-image-15308\" srcset=\"https:\/\/www.buntpapierwelt.de\/blog\/wp-content\/uploads\/wichtel-fuer-die-herbst-winter-und-weihnachtszeit-600x800-1.jpg 600w, https:\/\/www.buntpapierwelt.de\/blog\/wp-content\/uploads\/wichtel-fuer-die-herbst-winter-und-weihnachtszeit-600x800-1-480x638.jpg 480w\" sizes=\"(min-width: 0px) and (max-width: 480px) 480px, (min-width: 481px) 600px, 100vw\" \/><\/figure>\n<\/div>\n<\/div>\n\n\n\n<h5 class=\"has-text-align-center\">Wir w\u00fcnschen Dir viel Spa\u00df bei der Umsetzung dieser Bastelidee.<\/h5>\n\n\n\n<div class=\"wp-block-image\"><figure class=\"aligncenter\"><img loading=\"lazy\" width=\"150\" height=\"150\" src=\"https:\/\/www.buntpapierwelt.de\/blog\/wp-content\/uploads\/facebook-2429746_640-150x150.png\" alt=\"Facebook Button\" class=\"wp-image-3531\" srcset=\"https:\/\/www.buntpapierwelt.de\/blog\/wp-content\/uploads\/facebook-2429746_640-150x150.png 150w, https:\/\/www.buntpapierwelt.de\/blog\/wp-content\/uploads\/facebook-2429746_640-300x300.png 300w, https:\/\/www.buntpapierwelt.de\/blog\/wp-content\/uploads\/facebook-2429746_640.png 640w\" sizes=\"(max-width: 150px) 100vw, 150px\" \/><\/figure><\/div>\n\n\n\n<p class=\"has-text-align-center\">Wenn Dir unser Blog gef\u00e4llt,<br>dann werde doch Fan<br>unserer&nbsp;<a href=\"https:\/\/www.facebook.com\/buntpapierwelt\" target=\"_blank\" rel=\"noreferrer noopener\" class=\"broken_link\">Facebook-Seite<\/a>.<\/p>\n","protected":false},"excerpt":{"rendered":"<p>In diesem Beitrag basteln wir einen Wichtel, welcher sich den f\u00fcr den Herbst, aber auch f\u00fcr die Weihnachts- und Winterzeit eignet. Durch das Verzieren von Bl\u00e4ttern, Sternen oder Eiskristallen wird er immer wieder neu seinen Einsatz in der Deko finden. <\/p>\n","protected":false},"author":1,"featured_media":15300,"comment_status":"open","ping_status":"open","sticky":false,"template":"","format":"standard","meta":{"_et_pb_use_builder":"","_et_pb_old_content":"","_et_gb_content_width":""},"categories":[1,190,162,220,10,6,189],"tags":[33,203,164,161,264,100],"yoast_head":"<!-- This site is optimized with the Yoast SEO plugin v19.8 - https:\/\/yoast.com\/wordpress\/plugins\/seo\/ -->\n<title>Wichtel f\u00fcr den Herbst und Winter zum Selberbasteln<\/title>\n<meta name=\"description\" content=\"Die bebilderte Anleitung mit Vorlagebogen zum Ausdrucken f\u00fcr diese Wichtel findest Du im Kreativ-Blog der Buntpapierwelt.de.\" \/>\n<meta name=\"robots\" content=\"index, follow, max-snippet:-1, max-image-preview:large, max-video-preview:-1\" \/>\n<link rel=\"canonical\" href=\"https:\/\/www.buntpapierwelt.de\/blog\/wichtel-fuer-den-herbst-und-winter.html\" \/>\n<meta property=\"og:locale\" content=\"de_DE\" \/>\n<meta property=\"og:type\" content=\"article\" \/>\n<meta property=\"og:title\" content=\"Wichtel f\u00fcr den Herbst und Winter zum Selberbasteln\" \/>\n<meta property=\"og:description\" content=\"Die bebilderte Anleitung mit Vorlagebogen zum Ausdrucken f\u00fcr diese Wichtel findest Du im Kreativ-Blog der Buntpapierwelt.de.\" \/>\n<meta property=\"og:url\" content=\"https:\/\/www.buntpapierwelt.de\/blog\/wichtel-fuer-den-herbst-und-winter.html\" \/>\n<meta property=\"og:site_name\" content=\"Kreativ-Blog\" \/>\n<meta property=\"article:published_time\" content=\"2024-11-02T10:00:00+00:00\" \/>\n<meta property=\"article:modified_time\" content=\"2024-11-16T05:58:47+00:00\" \/>\n<meta property=\"og:image\" content=\"https:\/\/www.buntpapierwelt.de\/blog\/wp-content\/uploads\/wichtel-fuer-die-herbst-winter-und-weihnachtszeit-975x675-1.jpg\" \/>\n\t<meta property=\"og:image:width\" content=\"975\" \/>\n\t<meta property=\"og:image:height\" content=\"677\" \/>\n\t<meta property=\"og:image:type\" content=\"image\/jpeg\" \/>\n<meta name=\"author\" content=\"Ursus\" \/>\n<meta name=\"twitter:card\" content=\"summary_large_image\" \/>\n<meta name=\"twitter:label1\" content=\"Verfasst von\" \/>\n\t<meta name=\"twitter:data1\" content=\"Ursus\" \/>\n\t<meta name=\"twitter:label2\" content=\"Gesch\u00e4tzte Lesezeit\" \/>\n\t<meta name=\"twitter:data2\" content=\"5 Minuten\" \/>\n<script type=\"application\/ld+json\" class=\"yoast-schema-graph\">{\"@context\":\"https:\/\/schema.org\",\"@graph\":[{\"@type\":\"Article\",\"@id\":\"https:\/\/www.buntpapierwelt.de\/blog\/wichtel-fuer-den-herbst-und-winter.html#article\",\"isPartOf\":{\"@id\":\"https:\/\/www.buntpapierwelt.de\/blog\/wichtel-fuer-den-herbst-und-winter.html\"},\"author\":{\"name\":\"Ursus\",\"@id\":\"https:\/\/www.buntpapierwelt.de\/blog\/#\/schema\/person\/21d7fd1a11704fb1099d7b49717172c6\"},\"headline\":\"Wichtel f\u00fcr den Herbst und Winter\",\"datePublished\":\"2024-11-02T10:00:00+00:00\",\"dateModified\":\"2024-11-16T05:58:47+00:00\",\"mainEntityOfPage\":{\"@id\":\"https:\/\/www.buntpapierwelt.de\/blog\/wichtel-fuer-den-herbst-und-winter.html\"},\"wordCount\":620,\"commentCount\":8,\"publisher\":{\"@id\":\"https:\/\/www.buntpapierwelt.de\/blog\/#\/schema\/person\/21d7fd1a11704fb1099d7b49717172c6\"},\"keywords\":[\"basteln\",\"Bastelpapier\",\"Fensterbild\",\"Fotokarton\",\"Kinderzimmer\",\"ursus\"],\"articleSection\":[\"Blog\",\"Fensterbild\",\"Herbst\",\"Kinder\",\"URSUS\",\"Weihnachten\",\"Winter\"],\"inLanguage\":\"de-DE\",\"potentialAction\":[{\"@type\":\"CommentAction\",\"name\":\"Comment\",\"target\":[\"https:\/\/www.buntpapierwelt.de\/blog\/wichtel-fuer-den-herbst-und-winter.html#respond\"]}]},{\"@type\":\"WebPage\",\"@id\":\"https:\/\/www.buntpapierwelt.de\/blog\/wichtel-fuer-den-herbst-und-winter.html\",\"url\":\"https:\/\/www.buntpapierwelt.de\/blog\/wichtel-fuer-den-herbst-und-winter.html\",\"name\":\"Wichtel f\u00fcr den Herbst und Winter zum Selberbasteln\",\"isPartOf\":{\"@id\":\"https:\/\/www.buntpapierwelt.de\/blog\/#website\"},\"datePublished\":\"2024-11-02T10:00:00+00:00\",\"dateModified\":\"2024-11-16T05:58:47+00:00\",\"description\":\"Die bebilderte Anleitung mit Vorlagebogen zum Ausdrucken f\u00fcr diese Wichtel findest Du im Kreativ-Blog der Buntpapierwelt.de.\",\"breadcrumb\":{\"@id\":\"https:\/\/www.buntpapierwelt.de\/blog\/wichtel-fuer-den-herbst-und-winter.html#breadcrumb\"},\"inLanguage\":\"de-DE\",\"potentialAction\":[{\"@type\":\"ReadAction\",\"target\":[\"https:\/\/www.buntpapierwelt.de\/blog\/wichtel-fuer-den-herbst-und-winter.html\"]}]},{\"@type\":\"BreadcrumbList\",\"@id\":\"https:\/\/www.buntpapierwelt.de\/blog\/wichtel-fuer-den-herbst-und-winter.html#breadcrumb\",\"itemListElement\":[{\"@type\":\"ListItem\",\"position\":1,\"name\":\"Startseite\",\"item\":\"https:\/\/www.buntpapierwelt.de\/blog\/\"},{\"@type\":\"ListItem\",\"position\":2,\"name\":\"Wichtel f\u00fcr den Herbst und Winter\"}]},{\"@type\":\"WebSite\",\"@id\":\"https:\/\/www.buntpapierwelt.de\/blog\/#website\",\"url\":\"https:\/\/www.buntpapierwelt.de\/blog\/\",\"name\":\"Kreativ-Blog\",\"description\":\"Die Buntpapierwelt pr\u00e4sentiert auf diesen Seiten w\u00f6chentlich neue kreative Bastelideen\",\"publisher\":{\"@id\":\"https:\/\/www.buntpapierwelt.de\/blog\/#\/schema\/person\/21d7fd1a11704fb1099d7b49717172c6\"},\"potentialAction\":[{\"@type\":\"SearchAction\",\"target\":{\"@type\":\"EntryPoint\",\"urlTemplate\":\"https:\/\/www.buntpapierwelt.de\/blog\/?s={search_term_string}\"},\"query-input\":\"required name=search_term_string\"}],\"inLanguage\":\"de-DE\"},{\"@type\":[\"Person\",\"Organization\"],\"@id\":\"https:\/\/www.buntpapierwelt.de\/blog\/#\/schema\/person\/21d7fd1a11704fb1099d7b49717172c6\",\"name\":\"Ursus\",\"image\":{\"@type\":\"ImageObject\",\"inLanguage\":\"de-DE\",\"@id\":\"https:\/\/www.buntpapierwelt.de\/blog\/#\/schema\/person\/image\/\",\"url\":\"https:\/\/www.buntpapierwelt.de\/blog\/wp-content\/uploads\/ursus_baehr_kreative_blogger.jpg\",\"contentUrl\":\"https:\/\/www.buntpapierwelt.de\/blog\/wp-content\/uploads\/ursus_baehr_kreative_blogger.jpg\",\"width\":196,\"height\":196,\"caption\":\"Ursus\"},\"logo\":{\"@id\":\"https:\/\/www.buntpapierwelt.de\/blog\/#\/schema\/person\/image\/\"}}]}<\/script>\n<!-- \/ Yoast SEO plugin. -->","yoast_head_json":{"title":"Wichtel f\u00fcr den Herbst und Winter zum Selberbasteln","description":"Die bebilderte Anleitung mit Vorlagebogen zum Ausdrucken f\u00fcr diese Wichtel findest Du im Kreativ-Blog der Buntpapierwelt.de.","robots":{"index":"index","follow":"follow","max-snippet":"max-snippet:-1","max-image-preview":"max-image-preview:large","max-video-preview":"max-video-preview:-1"},"canonical":"https:\/\/www.buntpapierwelt.de\/blog\/wichtel-fuer-den-herbst-und-winter.html","og_locale":"de_DE","og_type":"article","og_title":"Wichtel f\u00fcr den Herbst und Winter zum Selberbasteln","og_description":"Die bebilderte Anleitung mit Vorlagebogen zum Ausdrucken f\u00fcr diese Wichtel findest Du im Kreativ-Blog der Buntpapierwelt.de.","og_url":"https:\/\/www.buntpapierwelt.de\/blog\/wichtel-fuer-den-herbst-und-winter.html","og_site_name":"Kreativ-Blog","article_published_time":"2024-11-02T10:00:00+00:00","article_modified_time":"2024-11-16T05:58:47+00:00","og_image":[{"width":975,"height":677,"url":"https:\/\/www.buntpapierwelt.de\/blog\/wp-content\/uploads\/wichtel-fuer-die-herbst-winter-und-weihnachtszeit-975x675-1.jpg","type":"image\/jpeg"}],"author":"Ursus","twitter_card":"summary_large_image","twitter_misc":{"Verfasst von":"Ursus","Gesch\u00e4tzte Lesezeit":"5 Minuten"},"schema":{"@context":"https:\/\/schema.org","@graph":[{"@type":"Article","@id":"https:\/\/www.buntpapierwelt.de\/blog\/wichtel-fuer-den-herbst-und-winter.html#article","isPartOf":{"@id":"https:\/\/www.buntpapierwelt.de\/blog\/wichtel-fuer-den-herbst-und-winter.html"},"author":{"name":"Ursus","@id":"https:\/\/www.buntpapierwelt.de\/blog\/#\/schema\/person\/21d7fd1a11704fb1099d7b49717172c6"},"headline":"Wichtel f\u00fcr den Herbst und Winter","datePublished":"2024-11-02T10:00:00+00:00","dateModified":"2024-11-16T05:58:47+00:00","mainEntityOfPage":{"@id":"https:\/\/www.buntpapierwelt.de\/blog\/wichtel-fuer-den-herbst-und-winter.html"},"wordCount":620,"commentCount":8,"publisher":{"@id":"https:\/\/www.buntpapierwelt.de\/blog\/#\/schema\/person\/21d7fd1a11704fb1099d7b49717172c6"},"keywords":["basteln","Bastelpapier","Fensterbild","Fotokarton","Kinderzimmer","ursus"],"articleSection":["Blog","Fensterbild","Herbst","Kinder","URSUS","Weihnachten","Winter"],"inLanguage":"de-DE","potentialAction":[{"@type":"CommentAction","name":"Comment","target":["https:\/\/www.buntpapierwelt.de\/blog\/wichtel-fuer-den-herbst-und-winter.html#respond"]}]},{"@type":"WebPage","@id":"https:\/\/www.buntpapierwelt.de\/blog\/wichtel-fuer-den-herbst-und-winter.html","url":"https:\/\/www.buntpapierwelt.de\/blog\/wichtel-fuer-den-herbst-und-winter.html","name":"Wichtel f\u00fcr den Herbst und Winter zum Selberbasteln","isPartOf":{"@id":"https:\/\/www.buntpapierwelt.de\/blog\/#website"},"datePublished":"2024-11-02T10:00:00+00:00","dateModified":"2024-11-16T05:58:47+00:00","description":"Die bebilderte Anleitung mit Vorlagebogen zum Ausdrucken f\u00fcr diese Wichtel findest Du im Kreativ-Blog der Buntpapierwelt.de.","breadcrumb":{"@id":"https:\/\/www.buntpapierwelt.de\/blog\/wichtel-fuer-den-herbst-und-winter.html#breadcrumb"},"inLanguage":"de-DE","potentialAction":[{"@type":"ReadAction","target":["https:\/\/www.buntpapierwelt.de\/blog\/wichtel-fuer-den-herbst-und-winter.html"]}]},{"@type":"BreadcrumbList","@id":"https:\/\/www.buntpapierwelt.de\/blog\/wichtel-fuer-den-herbst-und-winter.html#breadcrumb","itemListElement":[{"@type":"ListItem","position":1,"name":"Startseite","item":"https:\/\/www.buntpapierwelt.de\/blog\/"},{"@type":"ListItem","position":2,"name":"Wichtel f\u00fcr den Herbst und Winter"}]},{"@type":"WebSite","@id":"https:\/\/www.buntpapierwelt.de\/blog\/#website","url":"https:\/\/www.buntpapierwelt.de\/blog\/","name":"Kreativ-Blog","description":"Die Buntpapierwelt pr\u00e4sentiert auf diesen Seiten w\u00f6chentlich neue kreative Bastelideen","publisher":{"@id":"https:\/\/www.buntpapierwelt.de\/blog\/#\/schema\/person\/21d7fd1a11704fb1099d7b49717172c6"},"potentialAction":[{"@type":"SearchAction","target":{"@type":"EntryPoint","urlTemplate":"https:\/\/www.buntpapierwelt.de\/blog\/?s={search_term_string}"},"query-input":"required name=search_term_string"}],"inLanguage":"de-DE"},{"@type":["Person","Organization"],"@id":"https:\/\/www.buntpapierwelt.de\/blog\/#\/schema\/person\/21d7fd1a11704fb1099d7b49717172c6","name":"Ursus","image":{"@type":"ImageObject","inLanguage":"de-DE","@id":"https:\/\/www.buntpapierwelt.de\/blog\/#\/schema\/person\/image\/","url":"https:\/\/www.buntpapierwelt.de\/blog\/wp-content\/uploads\/ursus_baehr_kreative_blogger.jpg","contentUrl":"https:\/\/www.buntpapierwelt.de\/blog\/wp-content\/uploads\/ursus_baehr_kreative_blogger.jpg","width":196,"height":196,"caption":"Ursus"},"logo":{"@id":"https:\/\/www.buntpapierwelt.de\/blog\/#\/schema\/person\/image\/"}}]}},"_links":{"self":[{"href":"https:\/\/www.buntpapierwelt.de\/blog\/wp-json\/wp\/v2\/posts\/15298"}],"collection":[{"href":"https:\/\/www.buntpapierwelt.de\/blog\/wp-json\/wp\/v2\/posts"}],"about":[{"href":"https:\/\/www.buntpapierwelt.de\/blog\/wp-json\/wp\/v2\/types\/post"}],"author":[{"embeddable":true,"href":"https:\/\/www.buntpapierwelt.de\/blog\/wp-json\/wp\/v2\/users\/1"}],"replies":[{"embeddable":true,"href":"https:\/\/www.buntpapierwelt.de\/blog\/wp-json\/wp\/v2\/comments?post=15298"}],"version-history":[{"count":5,"href":"https:\/\/www.buntpapierwelt.de\/blog\/wp-json\/wp\/v2\/posts\/15298\/revisions"}],"predecessor-version":[{"id":15330,"href":"https:\/\/www.buntpapierwelt.de\/blog\/wp-json\/wp\/v2\/posts\/15298\/revisions\/15330"}],"wp:featuredmedia":[{"embeddable":true,"href":"https:\/\/www.buntpapierwelt.de\/blog\/wp-json\/wp\/v2\/media\/15300"}],"wp:attachment":[{"href":"https:\/\/www.buntpapierwelt.de\/blog\/wp-json\/wp\/v2\/media?parent=15298"}],"wp:term":[{"taxonomy":"category","embeddable":true,"href":"https:\/\/www.buntpapierwelt.de\/blog\/wp-json\/wp\/v2\/categories?post=15298"},{"taxonomy":"post_tag","embeddable":true,"href":"https:\/\/www.buntpapierwelt.de\/blog\/wp-json\/wp\/v2\/tags?post=15298"}],"curies":[{"name":"wp","href":"https:\/\/api.w.org\/{rel}","templated":true}]}}